{"id":872,"date":"2014-09-14T22:01:53","date_gmt":"2014-09-14T22:01:53","guid":{"rendered":"http:\/\/trinational2014.sichtweisen.org\/?p=872"},"modified":"2015-10-27T08:45:21","modified_gmt":"2015-10-27T08:45:21","slug":"kurzes-fazit-ueber-das-tkt-2014","status":"publish","type":"post","link":"http:\/\/trinational2014.sichtweisen.org\/?p=872","title":{"rendered":"KURZES FAZIT ZUM TKT 2014"},"content":{"rendered":"<p style=\"text-align: justify;\"><img loading=\"lazy\" decoding=\"async\" class=\"alignleft wp-image-875\" src=\"http:\/\/trinational2014.sichtweisen.org\/wp-content\/uploads\/2014\/09\/Bildschirmfoto-2014-09-13-um-19.09.09-300x233.png\" alt=\"Bildschirmfoto 2014-09-13 um 19.09.09\" width=\"150\" height=\"117\" srcset=\"http:\/\/trinational2014.sichtweisen.org\/wp-content\/uploads\/2014\/09\/Bildschirmfoto-2014-09-13-um-19.09.09-300x233.png 300w, http:\/\/trinational2014.sichtweisen.org\/wp-content\/uploads\/2014\/09\/Bildschirmfoto-2014-09-13-um-19.09.09-1024x796.png 1024w, http:\/\/trinational2014.sichtweisen.org\/wp-content\/uploads\/2014\/09\/Bildschirmfoto-2014-09-13-um-19.09.09-624x485.png 624w, http:\/\/trinational2014.sichtweisen.org\/wp-content\/uploads\/2014\/09\/Bildschirmfoto-2014-09-13-um-19.09.09.png 1078w\" sizes=\"auto, (max-width: 150px) 100vw, 150px\" \/>Das TKT 2014 ging gestern\u00a0mit der Abreise der Teilnehmer zuende.<\/p>\n<p style=\"text-align: justify;\">Gegen\u00fcber dem ersten Treffen von 2012 haben sich eine Reihe positiver Entwicklungen ergeben, die das TKT 2014 zum einem wirklich gelungenen Ereignis werden lie\u00dfen, von dem Stadtrat Norbert Stark meinte, da\u00df es \u201edas kulturelle Ereignis des Jahres 2014 in Stein gewesen sei\u201c:<\/p>\n<ul style=\"text-align: justify;\">\n<li>Heuer fand ich eine gr\u00f6\u00dfere Gruppe an Unterst\u00fctzern.\u00a0Was mir das Arbeiten zwar nicht leichter machte, denn neben dem Organisieren war nun auch Koordinieren angesagt. Aber durch\u00a0die breitere Unterst\u00fctzung war auch ein sehr differenziertes Programm m\u00f6glich.<\/li>\n<li>F\u00fcr das TKT 2014 fanden sich namhaftere Teilnehmer.<\/li>\n<li>W\u00e4hrend des Treffens wurden sehr hochwertige Werke produziert und in einer St\u00fcckzahl, die ich noch nie bei\u00a0einem K\u00fcnstlertreffen gesehen habe. Es war die Aufgabe der Teilnehmer 3 Werke w\u00e4hrend des Treffens zu schaffen. Im Durchschnitt waren es mehr als 5 Werke pro Teilnehmer.<\/li>\n<li>Neben der Stiftung f\u00fcr deutsch-polnische Zusammenarbeit und dem Bezirk Mittelfranken fanden sich mehr\u00a0Sponsoren aus Gewerbe und Wirtschaft, die das TKT 2014 gro\u00dfz\u00fcgiger\u00a0unterst\u00fctzten.<\/li>\n<li>Das TKT 2014 fand deutlich mehr Beachtung bei Web 2.0, Presse, Funk und Fernsehen.<\/li>\n<li>Es bestand bereits im in der Vorbereitungsphase\u00a0eine breite Unterst\u00fctzung durch Lokalpolitiker fast aller im Steiner Stadtrat vertretenen Gruppierungen. Diese breite Akzeptanz zeigt sich auch daran, da\u00df 12 Stadtr\u00e4te, die H\u00e4lfte aller Stadtr\u00e4te in Stein, aus 5 verschiedenen Gruppierungen, bei der Vernissage anwesend waren.<\/li>\n<li>Die Anwesenheit von Landespolitikern (Fr. Petra Guttenberger) und Bezirkspolitikern (Bezirkstagspr\u00e4sident Richard Bartsch und Bezirksrat Michael Maderer) bei der Vernissage sind ein Zeichen daf\u00fcr, da\u00df das TKT 2014 \u00fcberregionale Bedeutung hatte.<\/li>\n<li>Der Besuch der polnischen Generalkonsulin, Fr. Lewanska, bei der Vernissage war ein Zeichen daf\u00fcr, da\u00df wir herausragende Kunst- und Partnerschaftsarbeit leisten.<\/li>\n<li>Und die Vernissage 2014 fand auch mehr Beachtung bei Kunstinteressierten.<\/li>\n<\/ul>\n<p style=\"text-align: justify;\">Der 1. B\u00fcrgermeister Steins, Kurt Kr\u00f6mer, der heuer mehrfach bei uns im Atelier war, bezeichnete bereits in der ersten Woche in einem TV-Interview das TKT als \u201eein wundersch\u00f6nes Ereignis f\u00fcr die Stadt Stein\u201c. Kr\u00f6mer sagte weiter, das \u201ewir uns freuen, da\u00df dieses Trinationale K\u00fcnstlertreffen in Stein seinen Platz gefunden hat und mit dem zweiten Stattfinden bereits eine kleine Tradition begonnen hat\u201c.<\/p>\n<p>Die oben genannten Fakten der positiven Entwicklung und das Statement Kurt Kr\u00f6mers lassen auf ein Trinationales K\u00fcnstlertreffen 2016 hoffen.<\/p>\n","protected":false},"excerpt":{"rendered":"<p>Das TKT 2014 ging gestern\u00a0mit der Abreise der Teilnehmer zuende. Gegen\u00fcber dem ersten Treffen von 2012 haben sich eine Reihe positiver Entwicklungen ergeben, die das TKT 2014 zum einem wirklich gelungenen Ereignis werden lie\u00dfen, von dem Stadtrat Norbert Stark meinte, da\u00df es \u201edas kulturelle Ereignis des Jahres 2014 in Stein gewesen sei\u201c: Heuer fand ich [&hellip;]<\/p>\n","protected":false},"author":1,"featured_media":0,"comment_status":"closed","ping_status":"open","sticky":false,"template":"","format":"standard","meta":{"footnotes":""},"categories":[17,18,16],"tags":[],"class_list":["post-872","post","type-post","status-publish","format-standard","hentry","category-oeffentlichkeitsarbeit","category-organisation","category-programm"],"_links":{"self":[{"href":"http:\/\/trinational2014.sichtweisen.org\/index.php?rest_route=\/wp\/v2\/posts\/872","targetHints":{"allow":["GET"]}}],"collection":[{"href":"http:\/\/trinational2014.sichtweisen.org\/index.php?rest_route=\/wp\/v2\/posts"}],"about":[{"href":"http:\/\/trinational2014.sichtweisen.org\/index.php?rest_route=\/wp\/v2\/types\/post"}],"author":[{"embeddable":true,"href":"http:\/\/trinational2014.sichtweisen.org\/index.php?rest_route=\/wp\/v2\/users\/1"}],"replies":[{"embeddable":true,"href":"http:\/\/trinational2014.sichtweisen.org\/index.php?rest_route=%2Fwp%2Fv2%2Fcomments&post=872"}],"version-history":[{"count":11,"href":"http:\/\/trinational2014.sichtweisen.org\/index.php?rest_route=\/wp\/v2\/posts\/872\/revisions"}],"predecessor-version":[{"id":980,"href":"http:\/\/trinational2014.sichtweisen.org\/index.php?rest_route=\/wp\/v2\/posts\/872\/revisions\/980"}],"wp:attachment":[{"href":"http:\/\/trinational2014.sichtweisen.org\/index.php?rest_route=%2Fwp%2Fv2%2Fmedia&parent=872"}],"wp:term":[{"taxonomy":"category","embeddable":true,"href":"http:\/\/trinational2014.sichtweisen.org\/index.php?rest_route=%2Fwp%2Fv2%2Fcategories&post=872"},{"taxonomy":"post_tag","embeddable":true,"href":"http:\/\/trinational2014.sichtweisen.org\/index.php?rest_route=%2Fwp%2Fv2%2Ftags&post=872"}],"curies":[{"name":"wp","href":"https:\/\/api.w.org\/{rel}","templated":true}]}}