{"id":865,"date":"2014-09-13T17:06:58","date_gmt":"2014-09-13T17:06:58","guid":{"rendered":"http:\/\/trinational2014.sichtweisen.org\/?p=865"},"modified":"2014-09-19T18:09:20","modified_gmt":"2014-09-19T18:09:20","slug":"erstes-kurzes-fazit-zur-vernissage","status":"publish","type":"post","link":"http:\/\/trinational2014.sichtweisen.org\/?p=865","title":{"rendered":"ERSTES KURZES FAZIT ZUR VERNISSAGE"},"content":{"rendered":"<p style=\"text-align: justify;\"><img loading=\"lazy\" decoding=\"async\" class=\"alignleft wp-image-866\" src=\"http:\/\/trinational2014.sichtweisen.org\/wp-content\/uploads\/2014\/09\/partofart-300x197.png\" alt=\"partofart\" width=\"150\" height=\"99\" srcset=\"http:\/\/trinational2014.sichtweisen.org\/wp-content\/uploads\/2014\/09\/partofart-300x197.png 300w, http:\/\/trinational2014.sichtweisen.org\/wp-content\/uploads\/2014\/09\/partofart-1024x673.png 1024w, http:\/\/trinational2014.sichtweisen.org\/wp-content\/uploads\/2014\/09\/partofart-624x410.png 624w, http:\/\/trinational2014.sichtweisen.org\/wp-content\/uploads\/2014\/09\/partofart.png 1223w\" sizes=\"auto, (max-width: 150px) 100vw, 150px\" \/>Die Vernissage\/Pr\u00e4sentation geschaffener Werke am Freitag, 12.9.14, war f\u00fcr Stein ein ganz besonderes Ereignis. Denn m.W. wurden im Steiner Rathaus noch nie so viele Werke bildender Kunst mit so viel Kunstinteressierten zusammengebracht.<\/p>\n<p style=\"text-align: justify;\">Bereits am Donnerstag hatten wir in der Akademie Faber-Castell f\u00fcr uns eine kleine Schau gemacht und wir waren alle \u00fcberrascht, wie viel Werke wir geschaffen hatten. In keinem von mir besuchten K\u00fcnstlertreffen \u2013 also auch nicht im 1. TKT 2012 \u2013 wurde so viel Kunst produziert. Und wir hatten ja auch hochwertige Teilnehmer. So war es nicht blo\u00df Menge, sondern ungew\u00f6hnlich viel hochwertige Kunst, die wir dann auch nicht vollst\u00e4ndig im Rathaus zu Pr\u00e4sentation unterbrachten.<\/p>\n<p style=\"text-align: justify;\">Doch zur\u00fcck zur Vernissage: Schon \u00fcber 20 Minuten vor dem Beginn wollten Interessierte ins Rathaus. Kurz vor 18:00 Uhr waren bereits der Kultursaal und der Vorraum so gef\u00fcllt, das kaum noch ein Durchkommen waren. Auch hier eine deutliche Steigerung gegen\u00fcber 2012. Und geduldig warteten die Kunstinteressierten auf die beiden Rednerinnen, die auf der Autobahn im Stau standen. Und mit viel Interesse wurden dann auch die \u2013 zugegeben etwas langen \u2013 Reden des 2. B\u00fcrgermeisters und Partnerschaftsreferenten Bertram H\u00f6fer, Polens Generalkonsulin Justyna Lewanska, Steins Kulturreferentin Agnes Meier und von mir zur Kenntnis genommen. Dann aber bekam die in Stein produzierte Kunst die volle Aufmerksamkeit der Besucher. Wir hatten ein paar wundersch\u00f6ne Stunden mit ungeheuer viel exzellenter\u00a0Kunst und ungew\u00f6hnlich vielen Kunstinteressierten. Leider war nicht die\u00a0Zeit um mit allen zu reden, mit denen ich ins Gespr\u00e4ch kommen wollte. Selbst manchen bekannten Kunstfreund konnte ich nicht einmal begr\u00fc\u00dfen. Das mu\u00df bei n\u00e4chster Gelegenheit nachgeholt werde. Bedauerlich auch, da\u00df &#8211; wie ich sp\u00e4ter von einigen Besuchern h\u00f6ren mu\u00dfte &#8211; sie vorzeitig die Vernissage verlie\u00dfen, schien es ihnen doch unm\u00f6glich ausreichend Eindr\u00fccke von den pr\u00e4sentierten Werken zu bekommen. So stellt sich neuerlich die Frage nach verbesserten Ausstellungsm\u00f6glichkeiten f\u00fcr bildende Kunst in Stein.<\/p>\n<p style=\"text-align: justify;\">\n","protected":false},"excerpt":{"rendered":"<p>Die Vernissage\/Pr\u00e4sentation geschaffener Werke am Freitag, 12.9.14, war f\u00fcr Stein ein ganz besonderes Ereignis. Denn m.W. wurden im Steiner Rathaus noch nie so viele Werke bildender Kunst mit so viel Kunstinteressierten zusammengebracht. Bereits am Donnerstag hatten wir in der Akademie Faber-Castell f\u00fcr uns eine kleine Schau gemacht und wir waren alle \u00fcberrascht, wie viel Werke [&hellip;]<\/p>\n","protected":false},"author":1,"featured_media":0,"comment_status":"closed","ping_status":"open","sticky":false,"template":"","format":"standard","meta":{"footnotes":""},"categories":[16],"tags":[],"class_list":["post-865","post","type-post","status-publish","format-standard","hentry","category-programm"],"_links":{"self":[{"href":"http:\/\/trinational2014.sichtweisen.org\/index.php?rest_route=\/wp\/v2\/posts\/865","targetHints":{"allow":["GET"]}}],"collection":[{"href":"http:\/\/trinational2014.sichtweisen.org\/index.php?rest_route=\/wp\/v2\/posts"}],"about":[{"href":"http:\/\/trinational2014.sichtweisen.org\/index.php?rest_route=\/wp\/v2\/types\/post"}],"author":[{"embeddable":true,"href":"http:\/\/trinational2014.sichtweisen.org\/index.php?rest_route=\/wp\/v2\/users\/1"}],"replies":[{"embeddable":true,"href":"http:\/\/trinational2014.sichtweisen.org\/index.php?rest_route=%2Fwp%2Fv2%2Fcomments&post=865"}],"version-history":[{"count":17,"href":"http:\/\/trinational2014.sichtweisen.org\/index.php?rest_route=\/wp\/v2\/posts\/865\/revisions"}],"predecessor-version":[{"id":914,"href":"http:\/\/trinational2014.sichtweisen.org\/index.php?rest_route=\/wp\/v2\/posts\/865\/revisions\/914"}],"wp:attachment":[{"href":"http:\/\/trinational2014.sichtweisen.org\/index.php?rest_route=%2Fwp%2Fv2%2Fmedia&parent=865"}],"wp:term":[{"taxonomy":"category","embeddable":true,"href":"http:\/\/trinational2014.sichtweisen.org\/index.php?rest_route=%2Fwp%2Fv2%2Fcategories&post=865"},{"taxonomy":"post_tag","embeddable":true,"href":"http:\/\/trinational2014.sichtweisen.org\/index.php?rest_route=%2Fwp%2Fv2%2Ftags&post=865"}],"curies":[{"name":"wp","href":"https:\/\/api.w.org\/{rel}","templated":true}]}}