{"id":858,"date":"2014-09-11T09:01:12","date_gmt":"2014-09-11T09:01:12","guid":{"rendered":"http:\/\/trinational2014.sichtweisen.org\/?p=858"},"modified":"2014-09-13T07:31:36","modified_gmt":"2014-09-13T07:31:36","slug":"endspurt-des-tkt-2014","status":"publish","type":"post","link":"http:\/\/trinational2014.sichtweisen.org\/?p=858","title":{"rendered":"ENDSPURT DES TKT 2014"},"content":{"rendered":"<p style=\"text-align: justify;\"><a href=\"http:\/\/trinational2014.sichtweisen.org\/wp-content\/uploads\/2014\/09\/Ohne-Titel.png\" target=\"_blank\"><img loading=\"lazy\" decoding=\"async\" class=\"alignleft wp-image-859 size-thumbnail\" src=\"http:\/\/trinational2014.sichtweisen.org\/wp-content\/uploads\/2014\/09\/Ohne-Titel-150x150.png\" alt=\"Ohne Titel\" width=\"150\" height=\"150\" srcset=\"http:\/\/trinational2014.sichtweisen.org\/wp-content\/uploads\/2014\/09\/Ohne-Titel-150x150.png 150w, http:\/\/trinational2014.sichtweisen.org\/wp-content\/uploads\/2014\/09\/Ohne-Titel-300x300.png 300w, http:\/\/trinational2014.sichtweisen.org\/wp-content\/uploads\/2014\/09\/Ohne-Titel-624x624.png 624w, http:\/\/trinational2014.sichtweisen.org\/wp-content\/uploads\/2014\/09\/Ohne-Titel.png 800w\" sizes=\"auto, (max-width: 150px) 100vw, 150px\" \/><\/a>Wie bereits vermutet hatte ich keine Zeit w\u00e4hrend des Treffens zu berichten. Vieles ist in den vergangenen Tagen geschehen. Manches lief nach Plan. Auch die Planung mu\u00dfte etwas ge\u00e4ndert werden. Gruppendynamisch ist manches Interessante passiert. Ein absoluter H\u00f6hepunkt war unser Sonntags&#8220;ausflug&#8220; zu Architektur, Kunst und Kultur, den Walter Huber (Sto lat \u2026) vom Freundeskreis Stein-Puck f\u00fcr uns hervorragend organisierte. Sehr eindrucksstark auch der Empfang beim Bezirkstagspr\u00e4sidenten, Herrn Richard Bartsch und<!--more--> die anschlie\u00dfende F\u00fchrung durch Monika Micksch in Ansbach. Vom Fernsehteam des FrankenFernsehen hab ich ja bereits berichtet. Und beim &#8222;Offenen Atelier&#8220; fand sich ein Reinhard Kalb, die &#8222;kesse Feder&#8220;\u00a0der F\u00fcrther Nachrichten, und der Fotograf Thomas Scherer ein\u00a0und wir bekamen einen zweiten Artikel (<a href=\"http:\/\/www.nordbayern.de\/region\/fuerth\/das-kreative-dreilander-eck-1.3876085\" target=\"_blank\">hier<\/a> die online-Version). Mit diesem Artikel haben wir auch den Lokalteil der FN verlassen und uns im Kulturteil eingefunden!<br \/>\nBesonders berichtenswert ist vom diesj\u00e4hrigen Treffen auch, das heuer h\u00f6chst intensiv gearbeitet wurde und wirklich hervorragende Werke entstanden. Das d\u00fcrfte sicherlich auch an dem\u00a0gro\u00dfen Atelier-Saal, den uns die Akademie Faber-Castell unentgeltlich \u00fcberlie\u00df, liegen.\u00a0Ich habe in den letzten 5 Jahren j\u00e4hrlich ein K\u00fcnstlertreffen besucht und bei keinem Treffen wurde so intensiv und erfolgreich gearbeitet. So f\u00fcrchte ich, da\u00df wir morgen manches gute Werk gar nicht pr\u00e4sentieren k\u00f6nnen.<\/p>\n","protected":false},"excerpt":{"rendered":"<p>Wie bereits vermutet hatte ich keine Zeit w\u00e4hrend des Treffens zu berichten. Vieles ist in den vergangenen Tagen geschehen. Manches lief nach Plan. Auch die Planung mu\u00dfte etwas ge\u00e4ndert werden. Gruppendynamisch ist manches Interessante passiert. Ein absoluter H\u00f6hepunkt war unser Sonntags&#8220;ausflug&#8220; zu Architektur, Kunst und Kultur, den Walter Huber (Sto lat \u2026) vom Freundeskreis Stein-Puck [&hellip;]<\/p>\n","protected":false},"author":1,"featured_media":0,"comment_status":"closed","ping_status":"open","sticky":false,"template":"","format":"standard","meta":{"footnotes":""},"categories":[16],"tags":[],"class_list":["post-858","post","type-post","status-publish","format-standard","hentry","category-programm"],"_links":{"self":[{"href":"http:\/\/trinational2014.sichtweisen.org\/index.php?rest_route=\/wp\/v2\/posts\/858","targetHints":{"allow":["GET"]}}],"collection":[{"href":"http:\/\/trinational2014.sichtweisen.org\/index.php?rest_route=\/wp\/v2\/posts"}],"about":[{"href":"http:\/\/trinational2014.sichtweisen.org\/index.php?rest_route=\/wp\/v2\/types\/post"}],"author":[{"embeddable":true,"href":"http:\/\/trinational2014.sichtweisen.org\/index.php?rest_route=\/wp\/v2\/users\/1"}],"replies":[{"embeddable":true,"href":"http:\/\/trinational2014.sichtweisen.org\/index.php?rest_route=%2Fwp%2Fv2%2Fcomments&post=858"}],"version-history":[{"count":5,"href":"http:\/\/trinational2014.sichtweisen.org\/index.php?rest_route=\/wp\/v2\/posts\/858\/revisions"}],"predecessor-version":[{"id":864,"href":"http:\/\/trinational2014.sichtweisen.org\/index.php?rest_route=\/wp\/v2\/posts\/858\/revisions\/864"}],"wp:attachment":[{"href":"http:\/\/trinational2014.sichtweisen.org\/index.php?rest_route=%2Fwp%2Fv2%2Fmedia&parent=858"}],"wp:term":[{"taxonomy":"category","embeddable":true,"href":"http:\/\/trinational2014.sichtweisen.org\/index.php?rest_route=%2Fwp%2Fv2%2Fcategories&post=858"},{"taxonomy":"post_tag","embeddable":true,"href":"http:\/\/trinational2014.sichtweisen.org\/index.php?rest_route=%2Fwp%2Fv2%2Ftags&post=858"}],"curies":[{"name":"wp","href":"https:\/\/api.w.org\/{rel}","templated":true}]}}